{"id":1131,"date":"2006-10-30T23:01:24","date_gmt":"2006-10-30T22:01:24","guid":{"rendered":"http:\/\/lombisani.it\/?p=11"},"modified":"2006-10-30T23:01:24","modified_gmt":"2006-10-30T22:01:24","slug":"imperia-2006-appunti-di-un-alpino-di-campagna","status":"publish","type":"post","link":"https:\/\/www.lombisani.it\/blog\/2006\/10\/30\/imperia-2006-appunti-di-un-alpino-di-campagna\/","title":{"rendered":"Imperia 2006 &#8211; Appunti di un Alpino di Campagna"},"content":{"rendered":"<p><img src='http:\/\/www.lombisani.it\/wp-content\/uploads\/2007\/07\/pc_logo-new-ana.thumbnail.JPG' alt='Protezione Civile Associazione Nazionale Alpini' \/><\/p>\n<blockquote><p>Articolo scritto per il periodico del Gruppo Alpini To Alpette &#8220;Su le braje&#8221;<\/p><\/blockquote>\n<p>Mi chiamo Massimo Lombisani, sono iscritto all\u2019ANA da marzo e mi sono trovato alla mia prima esercitazione di protezione civile.<br \/>\nIo mi occupo dell\u2019informatica in sezione e come tale me ne sono occupato in sede di esercitazione approntando una postazione informatica di supporto ai volontari della nostra sezione. L\u2019esercitazione, a livello raggruppamento, vedeva impegnate le sezioni di Piemonte, Liguria e Valle D\u2019Aosta, insomma una bella riunione di tute gialle\/blu.<br \/>\nLa postazione \u00e8 stata allestita nella tenda magazzino gestita Bruno Bianco (nonch\u00e9 infaticabile capogruppo del gruppo Torino Alpette).<br \/>\nL\u2019esercitazione \u00e8 iniziata il venerd\u00ec 8 settembre con il montaggio del campo e si \u00e8 conclusa la domenica 10 con il conseguente smontaggio, io ho partecipato solo all\u2019ultima di queste fasi poich\u00e9 sono giunto al campo nella serata di venerd\u00ec 8 settembre.<br \/>\nTende\u2026\u2026. queste sconosciute, non vi ho mai dormito, ne mai ho fatto un campo (ne da miltare ne da civile), in due giorni ho capito quello che avrei dovuto portare e quanto di inutile ho portato. Insomma almeno ho colto la mia inadeguatezza; anche durante il servizio militare, svolto presso il battaglione alpini Edolo in Merano, mi occupavo di informatica.<br \/>\nE\u2019 stata una bella esperienza, come ho detto mi ritengo un alpino di campagna. Mi \u00e8 servito soprattutto a capire cosa vuol dire protezione civile, non quella fatta di uniformi e gradi autoconcessi ma quella fatta di motoseghe e roncole, di quella protezione civile che passa un week end a ripulire l\u2019alveo di un fiume. Dico tutto ci\u00f2 con molta modestia, ho prestato la mia opera \u201cinformatica\u201d assistendo sia le trasmissioni che la segreteria che il magazzino e non ho operato nei cantieri cime i miei colleghi.<br \/>\nHo continuato il mio cammino personale alla ricerca della conoscenza dell\u2019alpinit\u00e0, questo sconosciuto morbo che affligge quasi tutti gli alpini in congedo e in armi, e devo dire che anche in questa occasione ho avuto modo di imparare qualcosa in pi\u00f9.<br \/>\nLa giornata del sabato \u00e8 trascorsa al campo, principalmente nella tenda magazzino con il mio infaticabile capogruppo e il coordinamento e il coordinamento radio.<br \/>\nLa domenica dopo lo smontaggio \u00e8 seguita la sfilata per le vie di Pigna, anche in questo caso l\u2019elenco dei vessilli e dei gagliardetti era molto nutrito, in particolare lo scrivente ha portato il vessillo della sezione di Torino scortato dal vice presidente sezionale Pierangelo Berta.<br \/>\nAlla fine del lauto rancio alpino abbiamo preso la strada di casa\u2026..arivederci ad Aosta 2007.<\/p>\n<p>Massimo Lombisani.<\/p>\n<p><a href='http:\/\/www.lombisani.it\/?attachment_id=56' rel='attachment wp-att-56' title='Foto di Gruppo della Tenda Magazzino'><img src='http:\/\/www.lombisani.it\/wp-content\/uploads\/2007\/02\/imperia_2006.thumbnail.JPG' alt='Foto di Gruppo della Tenda Magazzino' \/><\/a><\/p>\n","protected":false},"excerpt":{"rendered":"<p>Articolo scritto per il periodico del Gruppo Alpini To Alpette &#8220;Su le braje&#8221; Mi chiamo Massimo Lombisani, sono iscritto all\u2019ANA da marzo e mi sono trovato alla mia prima esercitazione di protezione civile. Io mi occupo dell\u2019informatica in sezione e come tale me ne sono occupato in sede di esercitazione approntando una postazione informatica di&#8230;<\/p>\n","protected":false},"author":1,"featured_media":0,"comment_status":"open","ping_status":"open","sticky":false,"template":"","format":"standard","meta":{"footnotes":""},"categories":[6],"tags":[],"class_list":["post-1131","post","type-post","status-publish","format-standard","hentry","category-vecchi-articoli"],"_links":{"self":[{"href":"https:\/\/www.lombisani.it\/blog\/wp-json\/wp\/v2\/posts\/1131","targetHints":{"allow":["GET"]}}],"collection":[{"href":"https:\/\/www.lombisani.it\/blog\/wp-json\/wp\/v2\/posts"}],"about":[{"href":"https:\/\/www.lombisani.it\/blog\/wp-json\/wp\/v2\/types\/post"}],"author":[{"embeddable":true,"href":"https:\/\/www.lombisani.it\/blog\/wp-json\/wp\/v2\/users\/1"}],"replies":[{"embeddable":true,"href":"https:\/\/www.lombisani.it\/blog\/wp-json\/wp\/v2\/comments?post=1131"}],"version-history":[{"count":0,"href":"https:\/\/www.lombisani.it\/blog\/wp-json\/wp\/v2\/posts\/1131\/revisions"}],"wp:attachment":[{"href":"https:\/\/www.lombisani.it\/blog\/wp-json\/wp\/v2\/media?parent=1131"}],"wp:term":[{"taxonomy":"category","embeddable":true,"href":"https:\/\/www.lombisani.it\/blog\/wp-json\/wp\/v2\/categories?post=1131"},{"taxonomy":"post_tag","embeddable":true,"href":"https:\/\/www.lombisani.it\/blog\/wp-json\/wp\/v2\/tags?post=1131"}],"curies":[{"name":"wp","href":"https:\/\/api.w.org\/{rel}","templated":true}]}}