{"id":1150,"date":"2007-04-01T22:05:17","date_gmt":"2007-04-01T21:05:17","guid":{"rendered":"http:\/\/lombisani.it\/?p=75"},"modified":"2007-04-01T22:05:17","modified_gmt":"2007-04-01T21:05:17","slug":"gara-unuci-presso-il-tsn-di-torino","status":"publish","type":"post","link":"https:\/\/www.lombisani.it\/blog\/2007\/04\/01\/gara-unuci-presso-il-tsn-di-torino\/","title":{"rendered":"Gara UNUCI presso il TSN di Torino"},"content":{"rendered":"<p>Alcune foto dell&#8217;evento.<\/p>\n<table>\n<tr>\n<td>\n<a href='http:\/\/www.lombisani.it\/?attachment_id=73' rel='attachment wp-att-73' title='Squadra di Pistola Standard'><img src='http:\/\/www.lombisani.it\/wp-content\/uploads\/2007\/04\/p1000708.thumbnail.JPG'  alt='Squadra di Pistola Standard' \/><\/a>\n<\/td>\n<td>\n<a href='http:\/\/www.lombisani.it\/?attachment_id=75' rel='attachment wp-att-75' title='Il quarto componente'><img src='http:\/\/www.lombisani.it\/wp-content\/uploads\/2007\/04\/p1000724.thumbnail.JPG'  alt='Il quarto componente' \/><\/a>\n<\/td>\n<\/tr>\n<tr>\n<td>\n<a href='http:\/\/www.lombisani.it\/?attachment_id=74' rel='attachment wp-att-74' title='Squadra di Pistola standard in gara'><img src='http:\/\/www.lombisani.it\/wp-content\/uploads\/2007\/04\/p1000719.thumbnail.JPG' alt='Squadra di Pistola standard in gara' \/><\/a>\n<\/td>\n<td>\n<a href='http:\/\/www.lombisani.it\/?attachment_id=76' rel='attachment wp-att-76' title='Massimo Lombisani'><img src='http:\/\/www.lombisani.it\/wp-content\/uploads\/2007\/04\/p1000726.thumbnail.JPG' alt='Massimo Lombisani' \/><\/a>\n<\/td>\n<\/tr>\n<tr>\n<td>\n<a href='http:\/\/www.lombisani.it\/?attachment_id=80' rel='attachment wp-att-80' title='Vecio e Bocia'><img src='http:\/\/www.lombisani.it\/wp-content\/uploads\/2007\/04\/p1000759.thumbnail.JPG' alt='Vecio e Bocia' \/><\/a>\n<\/td>\n<td>\n<a href='http:\/\/www.lombisani.it\/?attachment_id=79' rel='attachment wp-att-79' title='Pierangelo Berta'><img src='http:\/\/www.lombisani.it\/wp-content\/uploads\/2007\/04\/p1000758.thumbnail.JPG' alt='Pierangelo Berta' \/><\/a>\n<\/td>\n<\/tr>\n<tr>\n<td>\n<a href='http:\/\/www.lombisani.it\/?attachment_id=78' rel='attachment wp-att-78' title='Daniele Rappello'><img src='http:\/\/www.lombisani.it\/wp-content\/uploads\/2007\/04\/p1000757.thumbnail.JPG' alt='Daniele Rappello' \/><\/a>\n<\/td>\n<td>\n<a href='http:\/\/www.lombisani.it\/?attachment_id=77' rel='attachment wp-att-77' title='Daniele Rappello'><img src='http:\/\/www.lombisani.it\/wp-content\/uploads\/2007\/04\/p1000753.thumbnail.JPG' alt='Daniele Rappello' \/><\/a>\n<\/td>\n<\/tr>\n<\/table>\n<p>La gara si \u00e8 svolta tra sabato 31 marzo e domenica 1 aprile, l&#8217;organizzazione ha sofferto di qualche inefficenza, ma alla fine tutto si \u00e8 svolto nel migliore dei modi.<br \/>\nL&#8217;afflusso alle line di tiro \u00e8 stato ordinato non troppo congestionato, tale comunque da non creare ingorghi. Le linee sono state gestite dai commissari di tiro del poligono in servizio per l&#8217;occasione.<br \/>\nLe squadre partecipanti erano 4 e precisamente:<\/p>\n<ol>Brigata Alpina Taurinense<\/ol>\n<ol>Guardia di Finanza<\/ol>\n<ol>U.N.U.C.I. sezione di Torino<\/ol>\n<ol>A.N.A. sezione di Torino<\/ol>\n<p>La squdra ANA si \u00e8 piazzata, ahime, ultima tra le quattro squadre in gara, tuttavia abbiamo registrato un secondo posto nella pistola standard per il nostro Enrico Contessa e un ottimo primo posto nella carabina del giovane Daniele Rapello.<\/p>\n<p>La nostra squadra \u00e8 sicuramente migliorata da Gardone Val Trompia 2006 ma la strada da percorrere \u00e8 ancora lunga.<br \/>\nIo ho migliorato il mio punteggio passando per la pistola standard da 174 a 201 e di carabina libera da 92 a 136. Questi punteggi tuttavia sono ancora lontanissimi da qualsivolglia piazzamento.<\/p>\n<p>Il risultato pi\u00f9 appagante \u00e8 che la squadra sezionale sta gradatamente prendendo forma e si sta affiatando, con un piano di allenamento pi\u00f9 costante, per alcuni di noi ovviamente, \u00e8 pensabile affrontare il prossimo campionato nazionale ANA a Parma con qualche possibilit\u00e0 in pi\u00f9.<\/p>\n","protected":false},"excerpt":{"rendered":"<p>Alcune foto dell&#8217;evento. La gara si \u00e8 svolta tra sabato 31 marzo e domenica 1 aprile, l&#8217;organizzazione ha sofferto di qualche inefficenza, ma alla fine tutto si \u00e8 svolto nel migliore dei modi. L&#8217;afflusso alle line di tiro \u00e8 stato ordinato non troppo congestionato, tale comunque da non creare ingorghi. Le linee sono state gestite&#8230;<\/p>\n","protected":false},"author":1,"featured_media":0,"comment_status":"open","ping_status":"open","sticky":false,"template":"","format":"standard","meta":{"footnotes":""},"categories":[6],"tags":[],"class_list":["post-1150","post","type-post","status-publish","format-standard","hentry","category-vecchi-articoli"],"_links":{"self":[{"href":"https:\/\/www.lombisani.it\/blog\/wp-json\/wp\/v2\/posts\/1150","targetHints":{"allow":["GET"]}}],"collection":[{"href":"https:\/\/www.lombisani.it\/blog\/wp-json\/wp\/v2\/posts"}],"about":[{"href":"https:\/\/www.lombisani.it\/blog\/wp-json\/wp\/v2\/types\/post"}],"author":[{"embeddable":true,"href":"https:\/\/www.lombisani.it\/blog\/wp-json\/wp\/v2\/users\/1"}],"replies":[{"embeddable":true,"href":"https:\/\/www.lombisani.it\/blog\/wp-json\/wp\/v2\/comments?post=1150"}],"version-history":[{"count":0,"href":"https:\/\/www.lombisani.it\/blog\/wp-json\/wp\/v2\/posts\/1150\/revisions"}],"wp:attachment":[{"href":"https:\/\/www.lombisani.it\/blog\/wp-json\/wp\/v2\/media?parent=1150"}],"wp:term":[{"taxonomy":"category","embeddable":true,"href":"https:\/\/www.lombisani.it\/blog\/wp-json\/wp\/v2\/categories?post=1150"},{"taxonomy":"post_tag","embeddable":true,"href":"https:\/\/www.lombisani.it\/blog\/wp-json\/wp\/v2\/tags?post=1150"}],"curies":[{"name":"wp","href":"https:\/\/api.w.org\/{rel}","templated":true}]}}