{"id":446,"date":"2010-10-10T17:35:57","date_gmt":"2010-10-10T17:35:57","guid":{"rendered":"http:\/\/www.lombisani.it\/?p=446"},"modified":"2010-10-10T17:35:57","modified_gmt":"2010-10-10T17:35:57","slug":"campionato-nazionale-ana-di-tiro-a-segno-biella-2010","status":"publish","type":"post","link":"https:\/\/www.lombisani.it\/blog\/2010\/10\/10\/campionato-nazionale-ana-di-tiro-a-segno-biella-2010\/","title":{"rendered":"Campionato Nazionale ANA di Tiro a Segno &#8211; Biella 2010"},"content":{"rendered":"<p><strong>Biella 9-10 ottobre 2010<\/strong><\/p>\n<p><a title=\"Gruppo Sportivo Alpini Sezione di Torino\" href=\"http:\/\/www.alpini.torino.it\/\"><img decoding=\"async\" src=\"http:\/\/www.lombisani.it\/wp-content\/uploads\/2007\/07\/logo-gsa-uff-sez100.thumbnail.jpg\" alt=\"Logo Gruppo Sportivo Alpini Sezione di Torino\" \/><\/a><\/p>\n<p><object classid=\"clsid:d27cdb6e-ae6d-11cf-96b8-444553540000\" width=\"400\" height=\"267\" codebase=\"http:\/\/download.macromedia.com\/pub\/shockwave\/cabs\/flash\/swflash.cab#version=6,0,40,0\"><param name=\"flashvars\" value=\"host=picasaweb.google.it&amp;captions=1&amp;hl=it&amp;feat=flashalbum&amp;RGB=0x000000&amp;feed=http%3A%2F%2Fpicasaweb.google.it%2Fdata%2Ffeed%2Fapi%2Fuser%2Fmassimo.lombisani%2Falbumid%2F5526439637877887313%3Falt%3Drss%26kind%3Dphoto%26hl%3Dit\" \/><param name=\"src\" value=\"http:\/\/picasaweb.google.it\/s\/c\/bin\/slideshow.swf\" \/><embed type=\"application\/x-shockwave-flash\" width=\"400\" height=\"267\" src=\"http:\/\/picasaweb.google.it\/s\/c\/bin\/slideshow.swf\" flashvars=\"host=picasaweb.google.it&amp;captions=1&amp;hl=it&amp;feat=flashalbum&amp;RGB=0x000000&amp;feed=http%3A%2F%2Fpicasaweb.google.it%2Fdata%2Ffeed%2Fapi%2Fuser%2Fmassimo.lombisani%2Falbumid%2F5526439637877887313%3Falt%3Drss%26kind%3Dphoto%26hl%3Dit\"><\/embed><\/object><\/p>\n<p>Come promesso rieccoci qui a raccontare a e a fare il bilancio dell&#8217;edizione 2010 del Campionato Nazionale di Tiro a Segno ANA.<\/p>\n<p>Partenza alle 6.00 da Via Asti con il furgone sezionale dell&#8217;Unit\u00e0 Sezionale di Protezione Civile (di cui ne sono il Vice Coordinatore), viaggio tranquillo, colazione e arrivo la TSN, accolti dal Capo Gruppo di Settimo Torinese Daniele Revello, intorno\u00a0alle 8.00 in tempo per il nostro turno di tiro che era alle 8.20.<\/p>\n<p>Alle 8.30 siamo disposti sulla linea di tiro nel seguente ordine: lo scrivente, Turri, Turi, Vecchio e Blandino, la gara si svolge su 6 riprese (di cui una di prova) ciascuna da 5 colpi da tirare in 150 secondi per un totale di 35 colpi (di cui 30 di gara).<\/p>\n<p>Peccato per la mancanza all&#8217;ultimo momento del Vice Presidente Pierangelo Berta, fermato da un malanno di stagione (quest&#8217;anno non ho potuto batterlo), ma soprattutto per la mancanza di Enrico Contessa a cui va un augurio sincero di guarigione da parte di tutta la squadra. Mancando Enrico \u00e8 mancato il nostro consueto podio nella catagoria Pistola Standard Individuale Master2.<\/p>\n<p>Quest&#8217;anno la sfida interna ha visto protagonisti me e Francesco Turi, il tenente artigliere mi ha battuto per un solo punto e la cosa mi ha lasciato l&#8217;amaro in bocca (soprattutto per quei due o tre 6 che potevano tranquilamente essere 8 o 9), unica soddifazione personale sono state le mie due mouche (ancora non me le spiego). A pari merito Giuseppe Vecchio e Antonio Turri, buon punteggio per entrambi ma soprattutto per Beppe che ha dimostrato come l&#8217;allenamento serva, new entry nella squadra Riccardo Blandino che ha sparato al posto di Pierangelo Berta.<\/p>\n<p>Ma veniamo alla carabina, in questa disciplina abbiamo avuto la fortuna di trovare due giovani e valenti soci, il nostro Daniele Rapello e, reclutato due giorni prima della gara, il giovane Andrea Martinatto entrambi agonisti in questa disciplina. Entrambi hanno dimostrato di essere all&#8217;altezza, Daniele si \u00e8 riconfermato mitico con i suoi 289 punti (terzo individuale categoria Open) e Andrea si \u00e8 dimostrato all&#8217;altezza delle voci che lo hanno preceduto con i suoi 286 punti si \u00e8 piazzato nono nella categoria Open.<\/p>\n<p>Oltre ai due giovani menzionati hanno tirato anche il Generale di Brigata Giorgio Minetti e Riccardo Blandino, rispettivamente nelle categorie Master 2 e Master 1.<\/p>\n<p>Finiti i turni di gara ci portiamo per pranzo presso la sede sezionale e nel pomeriggio rientriamo al TSN a sbirciare le prime classifiche e  gli altri tiratori, alle 16.00 chiusura delle attivit\u00e0 di tiro e via alla volta della sede sezionale per l&#8217;alzabandiera e la messa. Purtroppo la mattinata \u00e8 stata funestata dalla notizia della morte di quattro Alpini del 7\u00b0 Reggimento della Brigata Julia nei pressi Herat, a loro \u00e8 andato e va tuttora un pensiero di gratitudine e ammirazione.<\/p>\n<p>Alle 17.15 si \u00e8 svolta la cerimonia dell&#8217;alzabandiera alla presenza di una cinquantina di gagliardetti e dei vessili delle sezioni di Biella, Cadore, Torino, Treviso e Varese (vado a memoria e spero di non averne dimenticati) allietata dalle note della Fanfara Valle Elvo, piccola sfilata (un centinaio di metri)  e conclusione con la consueta messa celebrata per l&#8217;occasione nel cortile della sede sezionale.<\/p>\n<p>Terminata la messa di corsa sul furgone e via alla volta di Torino.<\/p>\n<p>Terminata la cronaca veniamo alle considerazioni, dunque in primo luogo \u00e8 stata una bella giornata (non certo dal punto di vista metereologico) alpina in compagnia di Alpini, pervasi da quell&#8217;alchimia che fa si che persone di diverse e sconosciute stiano bene insieme, basta il cappello e ci si conosce tutti. Ad ogni occasione rimango stupito del carico umano che queste giornate ti lasciano addosso e dentro.<\/p>\n<p>Ci siamo divertiti e questo \u00e8 sempre il primo obiettivo, abbiamo avuto un podio e non guasta, Beppe \u00e8 migliorato tanto e questo gli fa onore e alla squadra piacere. Tre nuovi tiratori, il Generale Minetti (sono anni che cerco di farlo tirare per noi) Riccardo Blandino che si \u00e8 cimentato in tutte le discipline e Andrea Martinatto gran tiratore e ottimo punteggio.<\/p>\n<p>Veniamo ai ringraziamenti, grazie a tutti ma proprio a tutti per la partecipazione, grazie a Silvio Rizzetto per l&#8217;aiuto nell&#8217;organizzazione (io quest&#8217;anno ho latitato), grazie a Daniele Rapello per la partecipazione (Sabato era da tutt&#8217;altra parte), un benvenuto in squadra ad Andrea Marinatto, Riccardo Blandino e a Giorgio Minetti.\u00a0Grazie al figlio di Riccardo Blandino divenuto nostro fotografo ufficiale per tutta la gara.<br \/>\nUn saluto ad Enrico Contessa che non ha potuto venire con noi ma che sicuramente qualche pensiero ce lo ha rivolto, un&#8217; altro saluto speciale va a Pierangelo Berta che pur di non farsi battere anche quest&#8217;anno dal sottorscritto ha marcato visita ( a proposito Piero ti avanza un otturatore per caso ?).<\/p>\n<p>Un bravo va a Turri e Vecchio che hanno fatto la loro parte egregiamente, a Turi non va niente perch\u00e8 mi ha battuto (scherzo ovviamnente).<\/p>\n<p>Un saluto va alla squadra della Brigata Alpina Taurinense e in particolare al Primo Maresciallo Caruso e al Luogotenente Ruggiero, \u00e8 sempre un piacere averli alle gare anche se ultimamente accade di rado, speriamo che questa tendenza si inverta.<\/p>\n<p>Ho salutato e ringraziato tutti, archiviato il campionato aspettiamo il prossimo.<\/p>\n<p>W gli Alpini!!!<\/p>\n<p>Le classifiche Ufficiali (fonte TSN di Biella)<\/p>\n<p><a href=\"http:\/\/www.lombisani.it\/wp-content\/uploads\/2007\/10\/icona_pdf.gif\"><img loading=\"lazy\" decoding=\"async\" class=\"alignnone size-medium wp-image-129\" title=\"File pdf\" src=\"http:\/\/www.lombisani.it\/wp-content\/uploads\/2007\/10\/icona_pdf.gif\" alt=\"\" width=\"15\" height=\"16\" align=\"left\" \/><\/a><\/p>\n<p><a href=\"http:\/\/www.lombisani.it\/wp-content\/uploads\/2010\/10\/ClassificaANA-1.pdf\">Classifica Per Specialit\u00e0<\/a><\/p>\n<p><a href=\"http:\/\/www.lombisani.it\/wp-content\/uploads\/2007\/10\/icona_pdf.gif\"><img loading=\"lazy\" decoding=\"async\" class=\"alignnone size-medium wp-image-129\" title=\"File pdf\" src=\"http:\/\/www.lombisani.it\/wp-content\/uploads\/2007\/10\/icona_pdf.gif\" alt=\"\" width=\"15\" height=\"16\" align=\"left\" \/><\/a><a href=\"http:\/\/www.lombisani.it\/wp-content\/uploads\/2010\/10\/ClassificaANA-2.pdf\">Classifica Per Specialit\u00e0 e Sezione<\/a><\/p>\n<p><a href=\"http:\/\/www.lombisani.it\/wp-content\/uploads\/2007\/10\/icona_pdf.gif\"><img loading=\"lazy\" decoding=\"async\" class=\"alignnone size-medium wp-image-129\" title=\"File pdf\" src=\"http:\/\/www.lombisani.it\/wp-content\/uploads\/2007\/10\/icona_pdf.gif\" alt=\"\" width=\"15\" height=\"16\" align=\"left\" \/><\/a><a href=\"http:\/\/www.lombisani.it\/wp-content\/uploads\/2010\/10\/ClassificaANA-3.pdf\">Classifica T3 Per Categori\u00e0 e Specialit\u00e0<\/a><\/p>\n<p><a href=\"http:\/\/www.lombisani.it\/wp-content\/uploads\/2007\/10\/icona_pdf.gif\"><img loading=\"lazy\" decoding=\"async\" class=\"alignnone size-medium wp-image-129\" title=\"File pdf\" src=\"http:\/\/www.lombisani.it\/wp-content\/uploads\/2007\/10\/icona_pdf.gif\" alt=\"\" width=\"15\" height=\"16\" align=\"left\" \/><\/a><a href=\"http:\/\/www.lombisani.it\/wp-content\/uploads\/2010\/10\/ClassificaANA-4.pdf\">Classifica T3 Per Sezione<\/a><\/p>\n<p><a href=\"http:\/\/www.lombisani.it\/wp-content\/uploads\/2007\/10\/icona_pdf.gif\"><img loading=\"lazy\" decoding=\"async\" class=\"alignnone size-medium wp-image-129\" title=\"File pdf\" src=\"http:\/\/www.lombisani.it\/wp-content\/uploads\/2007\/10\/icona_pdf.gif\" alt=\"\" width=\"15\" height=\"16\" align=\"left\" \/><\/a><a href=\"http:\/\/www.lombisani.it\/wp-content\/uploads\/2010\/10\/ClassificaANA-5.pdf\">Classifica T3 Per Sezione e Tiratori<\/a><\/p>\n","protected":false},"excerpt":{"rendered":"<p>Biella 9-10 ottobre 2010 Come promesso rieccoci qui a raccontare a e a fare il bilancio dell&#8217;edizione 2010 del Campionato Nazionale di Tiro a Segno ANA. Partenza alle 6.00 da Via Asti con il furgone sezionale dell&#8217;Unit\u00e0 Sezionale di Protezione Civile (di cui ne sono il Vice Coordinatore), viaggio tranquillo, colazione e arrivo la TSN,&#8230;<\/p>\n","protected":false},"author":1,"featured_media":0,"comment_status":"open","ping_status":"open","sticky":false,"template":"","format":"standard","meta":{"footnotes":""},"categories":[6],"tags":[20,31,38,40,111],"class_list":["post-446","post","type-post","status-publish","format-standard","hentry","category-vecchi-articoli","tag-ana","tag-biella","tag-campionato","tag-carabina","tag-pistola"],"_links":{"self":[{"href":"https:\/\/www.lombisani.it\/blog\/wp-json\/wp\/v2\/posts\/446","targetHints":{"allow":["GET"]}}],"collection":[{"href":"https:\/\/www.lombisani.it\/blog\/wp-json\/wp\/v2\/posts"}],"about":[{"href":"https:\/\/www.lombisani.it\/blog\/wp-json\/wp\/v2\/types\/post"}],"author":[{"embeddable":true,"href":"https:\/\/www.lombisani.it\/blog\/wp-json\/wp\/v2\/users\/1"}],"replies":[{"embeddable":true,"href":"https:\/\/www.lombisani.it\/blog\/wp-json\/wp\/v2\/comments?post=446"}],"version-history":[{"count":0,"href":"https:\/\/www.lombisani.it\/blog\/wp-json\/wp\/v2\/posts\/446\/revisions"}],"wp:attachment":[{"href":"https:\/\/www.lombisani.it\/blog\/wp-json\/wp\/v2\/media?parent=446"}],"wp:term":[{"taxonomy":"category","embeddable":true,"href":"https:\/\/www.lombisani.it\/blog\/wp-json\/wp\/v2\/categories?post=446"},{"taxonomy":"post_tag","embeddable":true,"href":"https:\/\/www.lombisani.it\/blog\/wp-json\/wp\/v2\/tags?post=446"}],"curies":[{"name":"wp","href":"https:\/\/api.w.org\/{rel}","templated":true}]}}